{"@context":"https:\/\/schema.org\/","@type":"CollectionPage","@id":"https:\/\/www.pazity.cz\/zvirata\/#CollectionPage","headline":"Zv\u00ed\u0159ata Category","description":"","url":"https:\/\/www.pazity.cz\/zvirata\/","hasPart":[{"@type":"Article","@id":"https:\/\/www.pazity.cz\/proc-mnozi-primati-nemaji-ocas\/","headline":"Pro\u010d mnoz\u00ed prim\u00e1ti nemaj\u00ed ocas","url":"https:\/\/www.pazity.cz\/proc-mnozi-primati-nemaji-ocas\/","datePublished":"2023-11-30","dateModified":"2023-11-30","mainEntityOfPage":"https:\/\/www.pazity.cz\/proc-mnozi-primati-nemaji-ocas\/","author":{"@type":"Person","@id":"https:\/\/www.pazity.cz\/author\/devene\/#Person","name":"devene","url":"https:\/\/www.pazity.cz\/author\/devene\/","identifier":1,"image":{"@type":"ImageObject","@id":"https:\/\/secure.gravatar.com\/avatar\/232437c79d6ebbb41eb67b1526ce0bc08ee5047d6b1594dc05abcc3258d8e0b3?s=96&d=mm&r=g","url":"https:\/\/secure.gravatar.com\/avatar\/232437c79d6ebbb41eb67b1526ce0bc08ee5047d6b1594dc05abcc3258d8e0b3?s=96&d=mm&r=g","height":96,"width":96}},"publisher":{"@type":"Organization","name":"pazity.cz","logo":{"@type":"ImageObject","@id":"\/logo.png","url":"\/logo.png","width":600,"height":60}},"image":{"@type":"ImageObject","@id":"https:\/\/www.pazity.cz\/wp-content\/uploads\/zvire2_5.jpg","url":"https:\/\/www.pazity.cz\/wp-content\/uploads\/zvire2_5.jpg","height":0,"width":0},"keywords":null},{"@type":"Article","@id":"https:\/\/www.pazity.cz\/pergola-je-grunt\/","headline":"Pergola je grunt","url":"https:\/\/www.pazity.cz\/pergola-je-grunt\/","datePublished":"2022-03-23","dateModified":"2023-12-08","mainEntityOfPage":"https:\/\/www.pazity.cz\/pergola-je-grunt\/","author":{"@type":"Person","@id":"https:\/\/www.pazity.cz\/author\/devene\/#Person","name":"devene","url":"https:\/\/www.pazity.cz\/author\/devene\/","identifier":1,"image":{"@type":"ImageObject","@id":"https:\/\/secure.gravatar.com\/avatar\/232437c79d6ebbb41eb67b1526ce0bc08ee5047d6b1594dc05abcc3258d8e0b3?s=96&d=mm&r=g","url":"https:\/\/secure.gravatar.com\/avatar\/232437c79d6ebbb41eb67b1526ce0bc08ee5047d6b1594dc05abcc3258d8e0b3?s=96&d=mm&r=g","height":96,"width":96}},"publisher":{"@type":"Organization","name":"pazity.cz","logo":{"@type":"ImageObject","@id":"\/logo.png","url":"\/logo.png","width":600,"height":60}},"image":{"@type":"ImageObject","@id":"https:\/\/www.pazity.cz\/wp-content\/uploads\/p%C5%991_1.jpg","url":"https:\/\/www.pazity.cz\/wp-content\/uploads\/p%C5%991_1.jpg","height":0,"width":0},"keywords":null},{"@type":"Article","@id":"https:\/\/www.pazity.cz\/lingerie-for-woman\/","headline":"Lingerie for woman","url":"https:\/\/www.pazity.cz\/lingerie-for-woman\/","datePublished":"2021-12-25","dateModified":"2023-04-29","mainEntityOfPage":"https:\/\/www.pazity.cz\/lingerie-for-woman\/","author":{"@type":"Person","@id":"https:\/\/www.pazity.cz\/author\/devene\/#Person","name":"devene","url":"https:\/\/www.pazity.cz\/author\/devene\/","identifier":1,"image":{"@type":"ImageObject","@id":"https:\/\/secure.gravatar.com\/avatar\/232437c79d6ebbb41eb67b1526ce0bc08ee5047d6b1594dc05abcc3258d8e0b3?s=96&d=mm&r=g","url":"https:\/\/secure.gravatar.com\/avatar\/232437c79d6ebbb41eb67b1526ce0bc08ee5047d6b1594dc05abcc3258d8e0b3?s=96&d=mm&r=g","height":96,"width":96}},"publisher":{"@type":"Organization","name":"pazity.cz","logo":{"@type":"ImageObject","@id":"\/logo.png","url":"\/logo.png","width":600,"height":60}},"image":{"@type":"ImageObject","@id":"https:\/\/www.pazity.cz\/wp-content\/uploads\/wedding-725432_1280_3.jpg","url":"https:\/\/www.pazity.cz\/wp-content\/uploads\/wedding-725432_1280_3.jpg","height":0,"width":0},"keywords":null},{"@type":"Article","@id":"https:\/\/www.pazity.cz\/kdy-a-proc-hudebnici-pouzivaji-kytarove-efekty\/","headline":"Kdy a pro\u010d hudebn\u00edci pou\u017e\u00edvaj\u00ed kytarov\u00e9 efekty","url":"https:\/\/www.pazity.cz\/kdy-a-proc-hudebnici-pouzivaji-kytarove-efekty\/","datePublished":"2021-10-16","dateModified":"2023-04-29","mainEntityOfPage":"https:\/\/www.pazity.cz\/kdy-a-proc-hudebnici-pouzivaji-kytarove-efekty\/","author":{"@type":"Person","@id":"https:\/\/www.pazity.cz\/author\/devene\/#Person","name":"devene","url":"https:\/\/www.pazity.cz\/author\/devene\/","identifier":1,"image":{"@type":"ImageObject","@id":"https:\/\/secure.gravatar.com\/avatar\/232437c79d6ebbb41eb67b1526ce0bc08ee5047d6b1594dc05abcc3258d8e0b3?s=96&d=mm&r=g","url":"https:\/\/secure.gravatar.com\/avatar\/232437c79d6ebbb41eb67b1526ce0bc08ee5047d6b1594dc05abcc3258d8e0b3?s=96&d=mm&r=g","height":96,"width":96}},"publisher":{"@type":"Organization","name":"pazity.cz","logo":{"@type":"ImageObject","@id":"\/logo.png","url":"\/logo.png","width":600,"height":60}},"image":{"@type":"ImageObject","@id":"https:\/\/www.pazity.cz\/wp-content\/uploads\/kapela.jpg","url":"https:\/\/www.pazity.cz\/wp-content\/uploads\/kapela.jpg","height":0,"width":0},"keywords":null},{"@type":"Article","@id":"https:\/\/www.pazity.cz\/podle-ceho-si-vybrat-podlozku-na-cviceni-a-v-cem-se-mohou-od-sebe-podlozky-lisit-vybirejte-dukladne\/","headline":"Podle \u010deho si vybrat podlo\u017eku na cvi\u010den\u00ed a v \u010dem se mohou od sebe podlo\u017eky li\u0161it? Vyb\u00edrejte d\u016fkladn\u011b!","url":"https:\/\/www.pazity.cz\/podle-ceho-si-vybrat-podlozku-na-cviceni-a-v-cem-se-mohou-od-sebe-podlozky-lisit-vybirejte-dukladne\/","datePublished":"2021-06-11","dateModified":"2023-09-02","mainEntityOfPage":"https:\/\/www.pazity.cz\/podle-ceho-si-vybrat-podlozku-na-cviceni-a-v-cem-se-mohou-od-sebe-podlozky-lisit-vybirejte-dukladne\/","author":{"@type":"Person","@id":"https:\/\/www.pazity.cz\/author\/devene\/#Person","name":"devene","url":"https:\/\/www.pazity.cz\/author\/devene\/","identifier":1,"image":{"@type":"ImageObject","@id":"https:\/\/secure.gravatar.com\/avatar\/232437c79d6ebbb41eb67b1526ce0bc08ee5047d6b1594dc05abcc3258d8e0b3?s=96&d=mm&r=g","url":"https:\/\/secure.gravatar.com\/avatar\/232437c79d6ebbb41eb67b1526ce0bc08ee5047d6b1594dc05abcc3258d8e0b3?s=96&d=mm&r=g","height":96,"width":96}},"publisher":{"@type":"Organization","name":"pazity.cz","logo":{"@type":"ImageObject","@id":"\/logo.png","url":"\/logo.png","width":600,"height":60}},"image":{"@type":"ImageObject","@id":"https:\/\/www.pazity.cz\/wp-content\/uploads\/pexels-photo-2294361.jpeg","url":"https:\/\/www.pazity.cz\/wp-content\/uploads\/pexels-photo-2294361.jpeg","height":0,"width":0},"keywords":null},{"@type":"Article","@id":"https:\/\/www.pazity.cz\/kdy-je-vhodne-v-dome-pouzit-tocite-schody\/","headline":"Kdy je vhodn\u00e9 v dom\u011b pou\u017e\u00edt to\u010dit\u00e9 schody?","url":"https:\/\/www.pazity.cz\/kdy-je-vhodne-v-dome-pouzit-tocite-schody\/","datePublished":"2021-05-22","dateModified":"2023-04-29","mainEntityOfPage":"https:\/\/www.pazity.cz\/kdy-je-vhodne-v-dome-pouzit-tocite-schody\/","author":{"@type":"Person","@id":"https:\/\/www.pazity.cz\/author\/devene\/#Person","name":"devene","url":"https:\/\/www.pazity.cz\/author\/devene\/","identifier":1,"image":{"@type":"ImageObject","@id":"https:\/\/secure.gravatar.com\/avatar\/232437c79d6ebbb41eb67b1526ce0bc08ee5047d6b1594dc05abcc3258d8e0b3?s=96&d=mm&r=g","url":"https:\/\/secure.gravatar.com\/avatar\/232437c79d6ebbb41eb67b1526ce0bc08ee5047d6b1594dc05abcc3258d8e0b3?s=96&d=mm&r=g","height":96,"width":96}},"publisher":{"@type":"Organization","name":"pazity.cz","logo":{"@type":"ImageObject","@id":"\/logo.png","url":"\/logo.png","width":600,"height":60}},"image":{"@type":"ImageObject","@id":"https:\/\/www.pazity.cz\/wp-content\/uploads\/schodiste4_10_10_10_10_10_3.jpg","url":"https:\/\/www.pazity.cz\/wp-content\/uploads\/schodiste4_10_10_10_10_10_3.jpg","height":0,"width":0},"keywords":null},{"@type":"Article","@id":"https:\/\/www.pazity.cz\/jake-se-vyrabi-k-serialu-lokomotiva-tomas-hracky\/","headline":"Jak\u00e9 se vyr\u00e1b\u00ed k seri\u00e1lu lokomotiva Tom\u00e1\u0161 hra\u010dky?","url":"https:\/\/www.pazity.cz\/jake-se-vyrabi-k-serialu-lokomotiva-tomas-hracky\/","datePublished":"2021-05-22","dateModified":"2024-07-08","mainEntityOfPage":"https:\/\/www.pazity.cz\/jake-se-vyrabi-k-serialu-lokomotiva-tomas-hracky\/","author":{"@type":"Person","@id":"https:\/\/www.pazity.cz\/author\/devene\/#Person","name":"devene","url":"https:\/\/www.pazity.cz\/author\/devene\/","identifier":1,"image":{"@type":"ImageObject","@id":"https:\/\/secure.gravatar.com\/avatar\/232437c79d6ebbb41eb67b1526ce0bc08ee5047d6b1594dc05abcc3258d8e0b3?s=96&d=mm&r=g","url":"https:\/\/secure.gravatar.com\/avatar\/232437c79d6ebbb41eb67b1526ce0bc08ee5047d6b1594dc05abcc3258d8e0b3?s=96&d=mm&r=g","height":96,"width":96}},"publisher":{"@type":"Organization","name":"pazity.cz","logo":{"@type":"ImageObject","@id":"\/logo.png","url":"\/logo.png","width":600,"height":60}},"image":{"@type":"ImageObject","@id":"https:\/\/www.pazity.cz\/wp-content\/uploads\/vlak2_10_5.jpg","url":"https:\/\/www.pazity.cz\/wp-content\/uploads\/vlak2_10_5.jpg","height":0,"width":0},"keywords":null},{"@type":"Article","@id":"https:\/\/www.pazity.cz\/proc-je-kamenna-dlazba-tak-oblibena\/","headline":"Pro\u010d je kamenn\u00e1 dla\u017eba tak obl\u00edben\u00e1?","url":"https:\/\/www.pazity.cz\/proc-je-kamenna-dlazba-tak-oblibena\/","datePublished":"2021-05-22","dateModified":"2023-04-29","mainEntityOfPage":"https:\/\/www.pazity.cz\/proc-je-kamenna-dlazba-tak-oblibena\/","author":{"@type":"Person","@id":"https:\/\/www.pazity.cz\/author\/devene\/#Person","name":"devene","url":"https:\/\/www.pazity.cz\/author\/devene\/","identifier":1,"image":{"@type":"ImageObject","@id":"https:\/\/secure.gravatar.com\/avatar\/232437c79d6ebbb41eb67b1526ce0bc08ee5047d6b1594dc05abcc3258d8e0b3?s=96&d=mm&r=g","url":"https:\/\/secure.gravatar.com\/avatar\/232437c79d6ebbb41eb67b1526ce0bc08ee5047d6b1594dc05abcc3258d8e0b3?s=96&d=mm&r=g","height":96,"width":96}},"publisher":{"@type":"Organization","name":"pazity.cz","logo":{"@type":"ImageObject","@id":"\/logo.png","url":"\/logo.png","width":600,"height":60}},"image":{"@type":"ImageObject","@id":"https:\/\/www.pazity.cz\/wp-content\/uploads\/dlazba1_2.jpg","url":"https:\/\/www.pazity.cz\/wp-content\/uploads\/dlazba1_2.jpg","height":0,"width":0},"keywords":null},{"@type":"Article","@id":"https:\/\/www.pazity.cz\/letni-radovanky-na-zahrade\/","headline":"Letn\u00ed radov\u00e1nky na zahrad\u011b","url":"https:\/\/www.pazity.cz\/letni-radovanky-na-zahrade\/","datePublished":"2021-04-17","dateModified":"2023-04-29","mainEntityOfPage":"https:\/\/www.pazity.cz\/letni-radovanky-na-zahrade\/","author":{"@type":"Person","@id":"https:\/\/www.pazity.cz\/author\/devene\/#Person","name":"devene","url":"https:\/\/www.pazity.cz\/author\/devene\/","identifier":1,"image":{"@type":"ImageObject","@id":"https:\/\/secure.gravatar.com\/avatar\/232437c79d6ebbb41eb67b1526ce0bc08ee5047d6b1594dc05abcc3258d8e0b3?s=96&d=mm&r=g","url":"https:\/\/secure.gravatar.com\/avatar\/232437c79d6ebbb41eb67b1526ce0bc08ee5047d6b1594dc05abcc3258d8e0b3?s=96&d=mm&r=g","height":96,"width":96}},"publisher":{"@type":"Organization","name":"pazity.cz","logo":{"@type":"ImageObject","@id":"\/logo.png","url":"\/logo.png","width":600,"height":60}},"image":{"@type":"ImageObject","@id":"https:\/\/www.pazity.cz\/wp-content\/uploads\/%C4%8Dist%C3%A1%20voda_10_9.jpg","url":"https:\/\/www.pazity.cz\/wp-content\/uploads\/%C4%8Dist%C3%A1%20voda_10_9.jpg","height":0,"width":0},"keywords":null},{"@type":"Article","@id":"https:\/\/www.pazity.cz\/kdy-se-vyplati-kupovat-levny-polykarbonat\/","headline":"Kdy se vyplat\u00ed kupovat levn\u00fd polykarbon\u00e1t","url":"https:\/\/www.pazity.cz\/kdy-se-vyplati-kupovat-levny-polykarbonat\/","datePublished":"2021-04-17","dateModified":"2023-09-20","mainEntityOfPage":"https:\/\/www.pazity.cz\/kdy-se-vyplati-kupovat-levny-polykarbonat\/","author":{"@type":"Person","@id":"https:\/\/www.pazity.cz\/author\/devene\/#Person","name":"devene","url":"https:\/\/www.pazity.cz\/author\/devene\/","identifier":1,"image":{"@type":"ImageObject","@id":"https:\/\/secure.gravatar.com\/avatar\/232437c79d6ebbb41eb67b1526ce0bc08ee5047d6b1594dc05abcc3258d8e0b3?s=96&d=mm&r=g","url":"https:\/\/secure.gravatar.com\/avatar\/232437c79d6ebbb41eb67b1526ce0bc08ee5047d6b1594dc05abcc3258d8e0b3?s=96&d=mm&r=g","height":96,"width":96}},"publisher":{"@type":"Organization","name":"pazity.cz","logo":{"@type":"ImageObject","@id":"\/logo.png","url":"\/logo.png","width":600,"height":60}},"image":{"@type":"ImageObject","@id":"https:\/\/www.pazity.cz\/wp-content\/uploads\/polykarbonat1_3.jpg","url":"https:\/\/www.pazity.cz\/wp-content\/uploads\/polykarbonat1_3.jpg","height":0,"width":0},"keywords":null}]}