[{"@context":"https:\/\/schema.org\/","@type":"Article","@id":"https:\/\/www.pazity.cz\/zahrada-pro-zivocichy\/#Article","mainEntityOfPage":"https:\/\/www.pazity.cz\/zahrada-pro-zivocichy\/","headline":"Zahrada pro \u017eivo\u010dichy","name":"Zahrada pro \u017eivo\u010dichy","description":"Na n\u011bkter\u00e9 druhy \u017eivo\u010dich\u016f v na\u0161\u00ed p\u0159\u00edrod\u011b naraz\u00edte jen st\u011b\u017e\u00ed. K situaci p\u0159isp\u00edv\u00e1 ne\u0161etrn\u00e9 zasahov\u00e1n\u00ed do p\u0159\u00edrody. Abychom alespo\u0148 trochu zabr\u00e1nili \u00fabytku n\u011bkter\u00fdch druh\u016f, nem\u011bli bychom p\u0159i z\u0159izov\u00e1n\u00ed zahrady zapomenout na drobn\u00e9 \u017eivo\u010dichy. Ide\u00e1ln\u00ed bude vybudov\u00e1n\u00ed permakulturn\u00ed zahrady. C\u00edlem permakulturn\u00edch zahrad je zachov\u00e1n\u00ed co nejp\u0159irozen\u011bj\u0161\u00edho prost\u0159ed\u00ed. Na t\u011bchto ekologicky p\u0159\u00edzniv\u00fdch zahrad\u00e1ch nen\u00ed \u017e\u00e1douc\u00ed pou\u017eit\u00ed chemick\u00fdch...<p class=\"more-link-wrap\"><a href=\"https:\/\/www.pazity.cz\/zahrada-pro-zivocichy\/\" class=\"more-link\">P\u0159e\u010d\u00edst<span class=\"screen-reader-text\"> &ldquo;Zahrada pro \u017eivo\u010dichy&rdquo;<\/span> &raquo;<\/a><\/p>","datePublished":"2022-02-25","dateModified":"2023-04-29","author":{"@type":"Person","@id":"https:\/\/www.pazity.cz\/author\/devene\/#Person","name":"devene","url":"https:\/\/www.pazity.cz\/author\/devene\/","identifier":1,"image":{"@type":"ImageObject","@id":"https:\/\/secure.gravatar.com\/avatar\/232437c79d6ebbb41eb67b1526ce0bc08ee5047d6b1594dc05abcc3258d8e0b3?s=96&d=mm&r=g","url":"https:\/\/secure.gravatar.com\/avatar\/232437c79d6ebbb41eb67b1526ce0bc08ee5047d6b1594dc05abcc3258d8e0b3?s=96&d=mm&r=g","height":96,"width":96}},"publisher":{"@type":"Organization","name":"pazity.cz","logo":{"@type":"ImageObject","@id":"\/logo.png","url":"\/logo.png","width":600,"height":60}},"image":{"@type":"ImageObject","@id":"https:\/\/www.pazity.cz\/wp-content\/uploads\/hedgehog-1759027_1920.jpg","url":"https:\/\/www.pazity.cz\/wp-content\/uploads\/hedgehog-1759027_1920.jpg","height":0,"width":0},"url":"https:\/\/www.pazity.cz\/zahrada-pro-zivocichy\/","about":["Zahrada a d\u016fm"],"wordCount":373,"articleBody":"Na n\u011bkter\u00e9 druhy \u017eivo\u010dich\u016f v na\u0161\u00ed p\u0159\u00edrod\u011b naraz\u00edte jen st\u011b\u017e\u00ed. K situaci p\u0159isp\u00edv\u00e1 ne\u0161etrn\u00e9 zasahov\u00e1n\u00ed do p\u0159\u00edrody. Abychom alespo\u0148 trochu zabr\u00e1nili \u00fabytku n\u011bkter\u00fdch druh\u016f, nem\u011bli bychom p\u0159i z\u0159izov\u00e1n\u00ed zahrady zapomenout na drobn\u00e9 \u017eivo\u010dichy. Ide\u00e1ln\u00ed bude vybudov\u00e1n\u00ed permakulturn\u00ed zahrady. C\u00edlem permakulturn\u00edch zahrad je zachov\u00e1n\u00ed co nejp\u0159irozen\u011bj\u0161\u00edho prost\u0159ed\u00ed. Na t\u011bchto ekologicky p\u0159\u00edzniv\u00fdch zahrad\u00e1ch nen\u00ed \u017e\u00e1douc\u00ed pou\u017eit\u00ed chemick\u00fdch prost\u0159edk\u016f jinak zap\u0159\u00ed\u010din\u00edme \u00fahyn \u017eivo\u010dich\u016f. Pokud je nutn\u00e9 o\u0161et\u0159en\u00ed rostlin m\u011bli bychom v\u017edy pou\u017e\u00edvat ekologick\u00e9 prost\u0159edky, kter\u00e9 \u017eivotn\u00ed prostor nenaru\u0161\u00ed. D\u016fle\u017eit\u00e9 je nastolen\u00ed rovnov\u00e1hy.P\u0159ed vybudov\u00e1n\u00edm permakulturn\u00ed zahrady bychom se m\u011bli zamyslet nad pot\u0159ebami rostlin a \u017eivo\u010dich\u016f, kter\u00fdm chceme poskytnout prostor pro \u017eit\u00ed. Rostliny i \u017eivo\u010dichov\u00e9 by na takov\u00e9 zahrad\u011b m\u011bli fungovat v symbi\u00f3ze. Nemus\u00edte se ob\u00e1vat, \u017ee zahrada v ekologick\u00e9m stylu nebude sk\u00fdtat dostatek barev a rozmanitost rostlin. Mezi poln\u00edm a lu\u010dn\u00edm kv\u00edt\u00edm naleznete plno barevn\u00fdch odr\u016fd rostlin. Jasn\u011b \u010derven\u00e9 kohoutky a vl\u010d\u00ed m\u00e1ky, modr\u00e9 ostro\u017eky stra\u010dky nebo kopretiny. Zahradu v\u00e1m ozdob\u00ed i barevn\u00e9 kv\u011bty pivon\u011bk nebo kosatc\u016f. Ide\u00e1ln\u00edm \u00fakrytem pro drobn\u00e9 \u017eivo\u010dichy jsou \u017eiv\u00e9 ploty. D\u0159eviny v \u017eiv\u00e9m plotu v\u00e1m nejen nahrad\u00ed oplocen\u00ed, ale bude fungovat jako z\u00e1st\u011bna p\u0159ed zv\u00eddav\u00fdmi pohled i filtr prachu a hluku. Na v\u00fdb\u011br je nep\u0159ebern\u00e9 mno\u017estv\u00ed druh\u016f se zaj\u00edmav\u011b zbarven\u00fdmi listy nebo jedl\u00fdmi plody. Ke\u0159e s jedl\u00fdmi plody neocen\u00edte pouze vy. Vd\u011b\u010dn\u00e9 v\u00e1m bude i ptactvo, kter\u00e9 bude m\u00edt v zim\u011b zdroj potravy. Vyb\u00edrejte takov\u00e9 druhy, kter\u00e9 vytv\u00e1\u0159\u00ed hustou kompaktn\u00ed st\u011bnu. V ekologick\u00e9 zahrad\u011b to nep\u0159eh\u00e1n\u011bjte s p\u0159\u00edli\u0161n\u00fdm odplevelov\u00e1n\u00edm. Vhodn\u00e9 nen\u00ed p\u00e1len\u00ed organick\u00e9ho odpadu. M\u00e1te-li na zahrad\u011b p\u0159\u00edrodn\u00ed jez\u00edrko nepou\u017e\u00edvejte k o\u0161et\u0159en\u00ed vody chemik\u00e1lie. N\u011bkter\u00e9 \u010d\u00e1sti zahrady nechte neupraven\u00e9. Skr\u00fd\u0161e ocen\u00ed zvl\u00e1\u0161\u0165 je\u017eci.                                                                                                                                                                                                                                                                                                                                                                                                "},{"@context":"https:\/\/schema.org\/","@type":"BreadcrumbList","itemListElement":[{"@type":"ListItem","position":1,"name":"Zahrada pro \u017eivo\u010dichy","item":"https:\/\/www.pazity.cz\/zahrada-pro-zivocichy\/#breadcrumbitem"}]}]