[{"@context":"https:\/\/schema.org\/","@type":"Article","@id":"https:\/\/www.pazity.cz\/proc-dite-neni-schopno-plnit-si-sve-skolni-ukoly\/#Article","mainEntityOfPage":"https:\/\/www.pazity.cz\/proc-dite-neni-schopno-plnit-si-sve-skolni-ukoly\/","headline":"Pro\u010d d\u00edt\u011b nen\u00ed schopno plnit si sv\u00e9 \u0161koln\u00ed \u00fakoly?","name":"Pro\u010d d\u00edt\u011b nen\u00ed schopno plnit si sv\u00e9 \u0161koln\u00ed \u00fakoly?","description":"Jedno z\u00a0nejjist\u011bj\u0161\u00edch \u0159e\u0161en\u00ed je poslat d\u00edt\u011b do pedagogicko-psychologick\u00e9 poradny, abychom v\u016fbec v\u011bd\u011bli, co d\u00edt\u011bti je a jak\u00e9 postupy m\u00e1me na n\u011bj uplat\u0148ovat. \u00b7\u00a0\u00a0\u00a0\u00a0\u00a0\u00a0\u00a0\u00a0 Pomal\u00e9 pracovn\u00ed tempo S\u00a0pomal\u00fdm pracovn\u00edm tempem d\u011bt\u00ed se setk\u00e1v\u00e1me b\u011b\u017en\u011b. M\u016f\u017ee m\u00edt dv\u011b p\u0159\u00ed\u010diny. Prvn\u00ed je, \u017ee d\u00edt\u011b nezvl\u00e1d\u00e1 zadan\u00fd \u00fakol, proto\u017ee mu neporozum\u00ed a druh\u00e9, \u017ee jeho osobn\u00ed tempo je podm\u00edn\u011bno...<p class=\"more-link-wrap\"><a href=\"https:\/\/www.pazity.cz\/proc-dite-neni-schopno-plnit-si-sve-skolni-ukoly\/\" class=\"more-link\">P\u0159e\u010d\u00edst<span class=\"screen-reader-text\"> &ldquo;Pro\u010d d\u00edt\u011b nen\u00ed schopno plnit si sv\u00e9 \u0161koln\u00ed \u00fakoly?&rdquo;<\/span> &raquo;<\/a><\/p>","datePublished":"2025-03-02","dateModified":"2023-04-29","author":{"@type":"Person","@id":"https:\/\/www.pazity.cz\/author\/devene\/#Person","name":"devene","url":"https:\/\/www.pazity.cz\/author\/devene\/","identifier":1,"image":{"@type":"ImageObject","@id":"https:\/\/secure.gravatar.com\/avatar\/232437c79d6ebbb41eb67b1526ce0bc08ee5047d6b1594dc05abcc3258d8e0b3?s=96&d=mm&r=g","url":"https:\/\/secure.gravatar.com\/avatar\/232437c79d6ebbb41eb67b1526ce0bc08ee5047d6b1594dc05abcc3258d8e0b3?s=96&d=mm&r=g","height":96,"width":96}},"publisher":{"@type":"Organization","name":"pazity.cz","logo":{"@type":"ImageObject","@id":"\/logo.png","url":"\/logo.png","width":600,"height":60}},"image":{"@type":"ImageObject","@id":"https:\/\/www.pazity.cz\/wp-content\/uploads\/img_a293341_w2294_t1505663020.jpg","url":"https:\/\/www.pazity.cz\/wp-content\/uploads\/img_a293341_w2294_t1505663020.jpg","height":0,"width":0},"url":"https:\/\/www.pazity.cz\/proc-dite-neni-schopno-plnit-si-sve-skolni-ukoly\/","wordCount":458,"articleBody":"Jedno z\u00a0nejjist\u011bj\u0161\u00edch \u0159e\u0161en\u00ed je poslat d\u00edt\u011b do pedagogicko-psychologick\u00e9 poradny, abychom v\u016fbec v\u011bd\u011bli, co d\u00edt\u011bti je a jak\u00e9 postupy m\u00e1me na n\u011bj uplat\u0148ovat.\t\u00b7\u00a0\u00a0\u00a0\u00a0\u00a0\u00a0\u00a0\u00a0 Pomal\u00e9 pracovn\u00ed tempoS\u00a0pomal\u00fdm pracovn\u00edm tempem d\u011bt\u00ed se setk\u00e1v\u00e1me b\u011b\u017en\u011b. M\u016f\u017ee m\u00edt dv\u011b p\u0159\u00ed\u010diny. Prvn\u00ed je, \u017ee d\u00edt\u011b nezvl\u00e1d\u00e1 zadan\u00fd \u00fakol, proto\u017ee mu neporozum\u00ed a druh\u00e9, \u017ee jeho osobn\u00ed tempo je podm\u00edn\u011bno fyziologicky a ned\u00e1 se n\u00e1sil\u00edm zm\u011bnit. Tato pomalost nesouvis\u00ed s\u00a0v\u00fdvojov\u00fdmi poruchami u\u010den\u00ed, ale m\u016f\u017eou za to nedostatky v\u00a0oblasti motoriky. Nejv\u011bt\u0161\u00ed chyba jakou m\u016f\u017eeme ud\u011blat je, \u017ee jako rodi\u010de nebo pedagogov\u00e9 je neust\u00e1le k\u00e1r\u00e1me a popoh\u00e1n\u00edme.\t\t\u00b7\u00a0\u00a0\u00a0\u00a0\u00a0\u00a0\u00a0\u00a0 Flegmatick\u00e9 d\u00edt\u011bJedna z\u00a0mo\u017enost\u00ed je tak\u00e9, \u017ee d\u00edt\u011b je zcela v\u00a0po\u0159\u00e1dku, jen je jeho temperament zkr\u00e1tka v\u00edce flegmatick\u00fd. Takov\u00e9 d\u011bti jsou pohodln\u00e9 a na spln\u011bn\u00ed \u00faloh zkr\u00e1tka pot\u0159ebuj\u00ed sv\u016fj \u010das a prostor. Pracuje se mu l\u00e9pe, pokud na n\u011bho nikdo netla\u010d\u00ed a nesp\u011bch\u00e1, proto je mo\u017en\u00e9, \u017ee pokud u\u010ditel po d\u00edt\u011bti vy\u017eaduje rychlost ve spln\u011bn\u00ed dan\u00e9 \u00falohy, d\u00edt\u011b ji odm\u00edtne \u00fapln\u011b dokon\u010dit. Flegmatick\u00e9 d\u011bti maj\u00ed r\u00e1dy sv\u016fj klid a nemaj\u00ed pot\u0159ebu se hl\u00e1sit a ukazovat svou aktivitu.\t\t\u00b7\u00a0\u00a0\u00a0\u00a0\u00a0\u00a0\u00a0\u00a0 Probl\u00e9m v rodi\u010d\u00edchDal\u0161\u00ed p\u0159\u00ed\u010dina je ta, kdy se rodi\u010de d\u00edt\u011bti doma dostate\u010dn\u011b nev\u011bnuj\u00ed nebo kdy se mu naopak v\u011bnuj\u00ed a\u017e p\u0159ehnan\u011b. Rodi\u010de na d\u00edt\u011b mohou kl\u00e1st velk\u00e9 n\u00e1roky bez ohledu na jeho re\u00e1ln\u00e9 mo\u017enosti, kdy je jejich snahou m\u00edt dokonal\u00e9 d\u00edt\u011b. D\u00edt\u011b je pak t\u00edmto frustrov\u00e1no, co\u017e m\u00e1 negativn\u00ed dopad na \u010dinnosti, kter\u00e9 pln\u00ed. Nedivme se proto, \u017ee d\u00edt\u011b m\u00e1 k\u00a0mnoh\u00fdm \u010dinnostem nechu\u0165 a odm\u00edt\u00e1 jejich dokon\u010den\u00ed\t\t\u00b7\u00a0\u00a0\u00a0\u00a0\u00a0\u00a0\u00a0\u00a0 Co tedy d\u011blat jako rodi\u010de?Mezit\u00edm ve \u0161kole v\u011bnujeme d\u00edt\u011bti zv\u00fd\u0161enost pozornost, dostate\u010dn\u011b ho motivujeme, vedeme ho k\u00a0d\u016fsledn\u00e9mu dodr\u017eov\u00e1n\u00ed pravidel. K\u00a0d\u00edt\u011bti mus\u00edme b\u00fdt obzvl\u00e1\u0161\u0165 trp\u011bliv\u00ed a nem\u011bli bychom b\u00fdt nerv\u00f3zn\u00ed, jeliko\u017e nervozita se na d\u011bti velmi snadno p\u0159en\u00e1\u0161\u00ed. Sna\u017e\u00edme se udr\u017eovat jeho neust\u00e1lou pozornost a zad\u00e1n\u00ed pop\u0159\u00edpad\u011b opakujeme v\u00edcekr\u00e1t a t\u00e1\u017eeme se, zda mu opravdu porozum\u011bl a jestli nepot\u0159ebuje pomoc. M\u011bli bychom ho um\u011bt spr\u00e1vn\u011b ocenit, a pokud se stane, \u017ee \u00falohu v\u00a0\u010dasov\u00e9m intervalu zvl\u00e1dne, d\u00e1v\u00e1me najevo povzbuzen\u00ed a pochvalu.                                                                                                                                                                                                                                                                                                                                                                                                "},{"@context":"https:\/\/schema.org\/","@type":"BreadcrumbList","itemListElement":[{"@type":"ListItem","position":1,"name":"Pro\u010d d\u00edt\u011b nen\u00ed schopno plnit si sv\u00e9 \u0161koln\u00ed \u00fakoly?","item":"https:\/\/www.pazity.cz\/proc-dite-neni-schopno-plnit-si-sve-skolni-ukoly\/#breadcrumbitem"}]}]