[{"@context":"https:\/\/schema.org\/","@type":"Blog","@id":"https:\/\/www.pazity.cz#Blog","headline":"Pazity","description":"\nSnad nic neovliv\u0148uje \u017eivot \u010dlov\u011bka tolik jako ekonomika. Proto\u017ee kdy\u017e tato funguje, je radost s\u00a0n\u00ed spojit sv\u016fj osud, a kdy\u017e ne, je takov\u00fd \u017eivot t\u011b\u017ek\u00fd.","url":"https:\/\/www.pazity.cz","hasPart":[{"@type":"Article","@id":"https:\/\/www.pazity.cz\/jak-byt-krasna-vsude-kam-prijdu\/","headline":"Jak b\u00fdt kr\u00e1sn\u00e1 v\u0161ude kam p\u0159ijdu","url":"https:\/\/www.pazity.cz\/jak-byt-krasna-vsude-kam-prijdu\/","datePublished":"2019-12-07","dateModified":"2019-12-07","mainEntityOfPage":"https:\/\/www.pazity.cz\/jak-byt-krasna-vsude-kam-prijdu\/","author":{"@type":"Person","@id":"https:\/\/www.pazity.cz\/author\/devene\/#Person","name":"devene","url":"https:\/\/www.pazity.cz\/author\/devene\/","identifier":1,"image":{"@type":"ImageObject","@id":"https:\/\/secure.gravatar.com\/avatar\/232437c79d6ebbb41eb67b1526ce0bc08ee5047d6b1594dc05abcc3258d8e0b3?s=96&d=mm&r=g","url":"https:\/\/secure.gravatar.com\/avatar\/232437c79d6ebbb41eb67b1526ce0bc08ee5047d6b1594dc05abcc3258d8e0b3?s=96&d=mm&r=g","height":96,"width":96}},"publisher":{"@type":"Organization","name":"pazity.cz","logo":{"@type":"ImageObject","@id":"\/logo.png","url":"\/logo.png","width":600,"height":60}},"image":{"@type":"ImageObject","@id":"https:\/\/www.pazity.cz\/wp-content\/uploads\/img_a362671_w3240_t1575738053.jpg","url":"https:\/\/www.pazity.cz\/wp-content\/uploads\/img_a362671_w3240_t1575738053.jpg","height":0,"width":0},"wordCount":653,"keywords":null},{"@type":"Article","@id":"https:\/\/www.pazity.cz\/jak-na-rekonstrukci-obyvaciho-pokoje\/","headline":"Jak na rekonstrukci ob\u00fdvac\u00edho pokoje","url":"https:\/\/www.pazity.cz\/jak-na-rekonstrukci-obyvaciho-pokoje\/","datePublished":"2019-12-07","dateModified":"2023-08-17","mainEntityOfPage":"https:\/\/www.pazity.cz\/jak-na-rekonstrukci-obyvaciho-pokoje\/","author":{"@type":"Person","@id":"https:\/\/www.pazity.cz\/author\/devene\/#Person","name":"devene","url":"https:\/\/www.pazity.cz\/author\/devene\/","identifier":1,"image":{"@type":"ImageObject","@id":"https:\/\/secure.gravatar.com\/avatar\/232437c79d6ebbb41eb67b1526ce0bc08ee5047d6b1594dc05abcc3258d8e0b3?s=96&d=mm&r=g","url":"https:\/\/secure.gravatar.com\/avatar\/232437c79d6ebbb41eb67b1526ce0bc08ee5047d6b1594dc05abcc3258d8e0b3?s=96&d=mm&r=g","height":96,"width":96}},"publisher":{"@type":"Organization","name":"pazity.cz","logo":{"@type":"ImageObject","@id":"\/logo.png","url":"\/logo.png","width":600,"height":60}},"image":{"@type":"ImageObject","@id":"https:\/\/www.pazity.cz\/wp-content\/uploads\/img_a372142_w1795_t1583493941.jpg","url":"https:\/\/www.pazity.cz\/wp-content\/uploads\/img_a372142_w1795_t1583493941.jpg","height":0,"width":0},"wordCount":540,"keywords":null},{"@type":"Article","@id":"https:\/\/www.pazity.cz\/i-zahrada-by-mela-mit-svuj-styl\/","headline":"I zahrada by m\u011bla m\u00edt sv\u016fj styl","url":"https:\/\/www.pazity.cz\/i-zahrada-by-mela-mit-svuj-styl\/","datePublished":"2019-11-04","dateModified":"2023-04-29","mainEntityOfPage":"https:\/\/www.pazity.cz\/i-zahrada-by-mela-mit-svuj-styl\/","author":{"@type":"Person","@id":"https:\/\/www.pazity.cz\/author\/devene\/#Person","name":"devene","url":"https:\/\/www.pazity.cz\/author\/devene\/","identifier":1,"image":{"@type":"ImageObject","@id":"https:\/\/secure.gravatar.com\/avatar\/232437c79d6ebbb41eb67b1526ce0bc08ee5047d6b1594dc05abcc3258d8e0b3?s=96&d=mm&r=g","url":"https:\/\/secure.gravatar.com\/avatar\/232437c79d6ebbb41eb67b1526ce0bc08ee5047d6b1594dc05abcc3258d8e0b3?s=96&d=mm&r=g","height":96,"width":96}},"publisher":{"@type":"Organization","name":"pazity.cz","logo":{"@type":"ImageObject","@id":"\/logo.png","url":"\/logo.png","width":600,"height":60}},"image":{"@type":"ImageObject","@id":"https:\/\/www.pazity.cz\/wp-content\/uploads\/img_a376785_w4371_t1588660164.jpg","url":"https:\/\/www.pazity.cz\/wp-content\/uploads\/img_a376785_w4371_t1588660164.jpg","height":0,"width":0},"wordCount":536,"keywords":null},{"@type":"Article","@id":"https:\/\/www.pazity.cz\/kdyz-je-erekci-nutne-povzbudit\/","headline":"Kdy\u017e je erekci nutn\u00e9 povzbudit","url":"https:\/\/www.pazity.cz\/kdyz-je-erekci-nutne-povzbudit\/","datePublished":"2019-10-23","dateModified":"2024-04-23","mainEntityOfPage":"https:\/\/www.pazity.cz\/kdyz-je-erekci-nutne-povzbudit\/","author":{"@type":"Person","@id":"https:\/\/www.pazity.cz\/author\/devene\/#Person","name":"devene","url":"https:\/\/www.pazity.cz\/author\/devene\/","identifier":1,"image":{"@type":"ImageObject","@id":"https:\/\/secure.gravatar.com\/avatar\/232437c79d6ebbb41eb67b1526ce0bc08ee5047d6b1594dc05abcc3258d8e0b3?s=96&d=mm&r=g","url":"https:\/\/secure.gravatar.com\/avatar\/232437c79d6ebbb41eb67b1526ce0bc08ee5047d6b1594dc05abcc3258d8e0b3?s=96&d=mm&r=g","height":96,"width":96}},"publisher":{"@type":"Organization","name":"pazity.cz","logo":{"@type":"ImageObject","@id":"\/logo.png","url":"\/logo.png","width":600,"height":60}},"image":{"@type":"ImageObject","@id":"https:\/\/www.pazity.cz\/wp-content\/uploads\/img_a367204_w1909_t1579690727.jpg","url":"https:\/\/www.pazity.cz\/wp-content\/uploads\/img_a367204_w1909_t1579690727.jpg","height":0,"width":0},"wordCount":541,"keywords":null},{"@type":"Article","@id":"https:\/\/www.pazity.cz\/kvalitne-a-na-miru\/","headline":"Kvalitn\u011b a na m\u00edru","url":"https:\/\/www.pazity.cz\/kvalitne-a-na-miru\/","datePublished":"2019-10-10","dateModified":"2023-04-29","mainEntityOfPage":"https:\/\/www.pazity.cz\/kvalitne-a-na-miru\/","author":{"@type":"Person","@id":"https:\/\/www.pazity.cz\/author\/devene\/#Person","name":"devene","url":"https:\/\/www.pazity.cz\/author\/devene\/","identifier":1,"image":{"@type":"ImageObject","@id":"https:\/\/secure.gravatar.com\/avatar\/232437c79d6ebbb41eb67b1526ce0bc08ee5047d6b1594dc05abcc3258d8e0b3?s=96&d=mm&r=g","url":"https:\/\/secure.gravatar.com\/avatar\/232437c79d6ebbb41eb67b1526ce0bc08ee5047d6b1594dc05abcc3258d8e0b3?s=96&d=mm&r=g","height":96,"width":96}},"publisher":{"@type":"Organization","name":"pazity.cz","logo":{"@type":"ImageObject","@id":"\/logo.png","url":"\/logo.png","width":600,"height":60}},"image":{"@type":"ImageObject","@id":"https:\/\/www.pazity.cz\/wp-content\/uploads\/img_a365948_w2065_t1578567555.jpg","url":"https:\/\/www.pazity.cz\/wp-content\/uploads\/img_a365948_w2065_t1578567555.jpg","height":0,"width":0},"wordCount":499,"keywords":null},{"@type":"Article","@id":"https:\/\/www.pazity.cz\/hypoteka-bez-prijmu\/","headline":"Hypot\u00e9ka bez p\u0159\u00edjmu","url":"https:\/\/www.pazity.cz\/hypoteka-bez-prijmu\/","datePublished":"2019-09-13","dateModified":"2023-04-29","mainEntityOfPage":"https:\/\/www.pazity.cz\/hypoteka-bez-prijmu\/","author":{"@type":"Person","@id":"https:\/\/www.pazity.cz\/author\/devene\/#Person","name":"devene","url":"https:\/\/www.pazity.cz\/author\/devene\/","identifier":1,"image":{"@type":"ImageObject","@id":"https:\/\/secure.gravatar.com\/avatar\/232437c79d6ebbb41eb67b1526ce0bc08ee5047d6b1594dc05abcc3258d8e0b3?s=96&d=mm&r=g","url":"https:\/\/secure.gravatar.com\/avatar\/232437c79d6ebbb41eb67b1526ce0bc08ee5047d6b1594dc05abcc3258d8e0b3?s=96&d=mm&r=g","height":96,"width":96}},"publisher":{"@type":"Organization","name":"pazity.cz","logo":{"@type":"ImageObject","@id":"\/logo.png","url":"\/logo.png","width":600,"height":60}},"image":{"@type":"ImageObject","@id":"https:\/\/www.pazity.cz\/wp-content\/uploads\/img_a349612_w1753_t1564568985.jpg","url":"https:\/\/www.pazity.cz\/wp-content\/uploads\/img_a349612_w1753_t1564568985.jpg","height":0,"width":0},"wordCount":529,"keywords":null},{"@type":"Article","@id":"https:\/\/www.pazity.cz\/proc-zaradit-do-jidelnicku-chaluhu-bublinatou-v-tabletach\/","headline":"Pro\u010d za\u0159adit do j\u00eddeln\u00ed\u010dku chaluhu bublinatou v tablet\u00e1ch","url":"https:\/\/www.pazity.cz\/proc-zaradit-do-jidelnicku-chaluhu-bublinatou-v-tabletach\/","datePublished":"2019-08-13","dateModified":"2023-04-29","mainEntityOfPage":"https:\/\/www.pazity.cz\/proc-zaradit-do-jidelnicku-chaluhu-bublinatou-v-tabletach\/","author":{"@type":"Person","@id":"https:\/\/www.pazity.cz\/author\/devene\/#Person","name":"devene","url":"https:\/\/www.pazity.cz\/author\/devene\/","identifier":1,"image":{"@type":"ImageObject","@id":"https:\/\/secure.gravatar.com\/avatar\/232437c79d6ebbb41eb67b1526ce0bc08ee5047d6b1594dc05abcc3258d8e0b3?s=96&d=mm&r=g","url":"https:\/\/secure.gravatar.com\/avatar\/232437c79d6ebbb41eb67b1526ce0bc08ee5047d6b1594dc05abcc3258d8e0b3?s=96&d=mm&r=g","height":96,"width":96}},"publisher":{"@type":"Organization","name":"pazity.cz","logo":{"@type":"ImageObject","@id":"\/logo.png","url":"\/logo.png","width":600,"height":60}},"image":{"@type":"ImageObject","@id":"https:\/\/www.pazity.cz\/wp-content\/uploads\/img_a366066_w2195_t1578649640.jpg","url":"https:\/\/www.pazity.cz\/wp-content\/uploads\/img_a366066_w2195_t1578649640.jpg","height":0,"width":0},"wordCount":546,"keywords":null},{"@type":"Article","@id":"https:\/\/www.pazity.cz\/unikova-hra-jako-akce-pro-partu-pratel-nebo-kolegy\/","headline":"\u00danikov\u00e1 hra jako akce pro partu p\u0159\u00e1tel nebo kolegy","url":"https:\/\/www.pazity.cz\/unikova-hra-jako-akce-pro-partu-pratel-nebo-kolegy\/","datePublished":"2019-06-05","dateModified":"2023-04-29","mainEntityOfPage":"https:\/\/www.pazity.cz\/unikova-hra-jako-akce-pro-partu-pratel-nebo-kolegy\/","author":{"@type":"Person","@id":"https:\/\/www.pazity.cz\/author\/devene\/#Person","name":"devene","url":"https:\/\/www.pazity.cz\/author\/devene\/","identifier":1,"image":{"@type":"ImageObject","@id":"https:\/\/secure.gravatar.com\/avatar\/232437c79d6ebbb41eb67b1526ce0bc08ee5047d6b1594dc05abcc3258d8e0b3?s=96&d=mm&r=g","url":"https:\/\/secure.gravatar.com\/avatar\/232437c79d6ebbb41eb67b1526ce0bc08ee5047d6b1594dc05abcc3258d8e0b3?s=96&d=mm&r=g","height":96,"width":96}},"publisher":{"@type":"Organization","name":"pazity.cz","logo":{"@type":"ImageObject","@id":"\/logo.png","url":"\/logo.png","width":600,"height":60}},"image":{"@type":"ImageObject","@id":"https:\/\/www.pazity.cz\/wp-content\/uploads\/img_a357944_w1936_t1572278667.jpg","url":"https:\/\/www.pazity.cz\/wp-content\/uploads\/img_a357944_w1936_t1572278667.jpg","height":0,"width":0},"wordCount":536,"keywords":null},{"@type":"Article","@id":"https:\/\/www.pazity.cz\/felinoterapie-aneb-terapie-kockou\/","headline":"Felinoterapie aneb terapie ko\u010dkou","url":"https:\/\/www.pazity.cz\/felinoterapie-aneb-terapie-kockou\/","datePublished":"2019-05-08","dateModified":"2023-04-29","mainEntityOfPage":"https:\/\/www.pazity.cz\/felinoterapie-aneb-terapie-kockou\/","author":{"@type":"Person","@id":"https:\/\/www.pazity.cz\/author\/devene\/#Person","name":"devene","url":"https:\/\/www.pazity.cz\/author\/devene\/","identifier":1,"image":{"@type":"ImageObject","@id":"https:\/\/secure.gravatar.com\/avatar\/232437c79d6ebbb41eb67b1526ce0bc08ee5047d6b1594dc05abcc3258d8e0b3?s=96&d=mm&r=g","url":"https:\/\/secure.gravatar.com\/avatar\/232437c79d6ebbb41eb67b1526ce0bc08ee5047d6b1594dc05abcc3258d8e0b3?s=96&d=mm&r=g","height":96,"width":96}},"publisher":{"@type":"Organization","name":"pazity.cz","logo":{"@type":"ImageObject","@id":"\/logo.png","url":"\/logo.png","width":600,"height":60}},"image":{"@type":"ImageObject","@id":"https:\/\/www.pazity.cz\/wp-content\/uploads\/img_a345424_w2806_t1559121953.jpg","url":"https:\/\/www.pazity.cz\/wp-content\/uploads\/img_a345424_w2806_t1559121953.jpg","height":0,"width":0},"wordCount":519,"keywords":null},{"@type":"Article","@id":"https:\/\/www.pazity.cz\/deficit-jodu-muze-mit-za-nasledek-zavazny-spolecensky-problem\/","headline":"Deficit j\u00f3du m\u016f\u017ee m\u00edt za n\u00e1sledek z\u00e1va\u017en\u00fd spole\u010densk\u00fd probl\u00e9m","url":"https:\/\/www.pazity.cz\/deficit-jodu-muze-mit-za-nasledek-zavazny-spolecensky-problem\/","datePublished":"2019-02-26","dateModified":"2023-04-29","mainEntityOfPage":"https:\/\/www.pazity.cz\/deficit-jodu-muze-mit-za-nasledek-zavazny-spolecensky-problem\/","author":{"@type":"Person","@id":"https:\/\/www.pazity.cz\/author\/devene\/#Person","name":"devene","url":"https:\/\/www.pazity.cz\/author\/devene\/","identifier":1,"image":{"@type":"ImageObject","@id":"https:\/\/secure.gravatar.com\/avatar\/232437c79d6ebbb41eb67b1526ce0bc08ee5047d6b1594dc05abcc3258d8e0b3?s=96&d=mm&r=g","url":"https:\/\/secure.gravatar.com\/avatar\/232437c79d6ebbb41eb67b1526ce0bc08ee5047d6b1594dc05abcc3258d8e0b3?s=96&d=mm&r=g","height":96,"width":96}},"publisher":{"@type":"Organization","name":"pazity.cz","logo":{"@type":"ImageObject","@id":"\/logo.png","url":"\/logo.png","width":600,"height":60}},"image":{"@type":"ImageObject","@id":"https:\/\/www.pazity.cz\/wp-content\/uploads\/img_a338140_w2155_t1550929725.jpg","url":"https:\/\/www.pazity.cz\/wp-content\/uploads\/img_a338140_w2155_t1550929725.jpg","height":0,"width":0},"wordCount":519,"keywords":null}]},{"@context":"https:\/\/schema.org","@type":"WebSite","@id":"https:\/\/www.pazity.cz\/#website","name":"Pazity","url":"https:\/\/www.pazity.cz","potentialAction":{"@type":"SearchAction","target":"https:\/\/www.pazity.cz\/?s={search_term_string}","query-input":"required name=search_term_string"}}]