[{"@context":"https:\/\/schema.org\/","@type":"Article","@id":"https:\/\/www.pazity.cz\/opatrete-si-je-do-svych-domovu\/#Article","mainEntityOfPage":"https:\/\/www.pazity.cz\/opatrete-si-je-do-svych-domovu\/","headline":"Opat\u0159ete si je do sv\u00fdch domov\u016f","name":"Opat\u0159ete si je do sv\u00fdch domov\u016f","description":"Chceme v\u0161echny na\u0161e klienty informovat o na\u0161ich interi\u00e9rov\u00fdch dve\u0159\u00ed Plze\u0148. M\u00e1me je pro v\u00e1s p\u0159ipraveny v n\u011bkolika typech. N\u011bkter\u00e9 jsou ze s\u00e9riov\u00e9 v\u00fdroby, jin\u00e9 byly zhotoveny na zak\u00e1zku. P\u0159ij\u010fte si je prohl\u00e9dnout a vybrat si z nich ty, kter\u00e9 se do va\u0161eho bytu nejl\u00e9pe hod\u00ed. K dost\u00e1n\u00ed jsou masivn\u00ed vrstven\u00e9, d\u00fdhov\u00e9 nebo lakovan\u00e9. A\u0165 u\u017e...<p class=\"more-link-wrap\"><a href=\"https:\/\/www.pazity.cz\/opatrete-si-je-do-svych-domovu\/\" class=\"more-link\">P\u0159e\u010d\u00edst<span class=\"screen-reader-text\"> &ldquo;Opat\u0159ete si je do sv\u00fdch domov\u016f&rdquo;<\/span> &raquo;<\/a><\/p>","datePublished":"2024-11-14","dateModified":"2024-11-14","author":{"@type":"Person","@id":"https:\/\/www.pazity.cz\/author\/devene\/#Person","name":"devene","url":"https:\/\/www.pazity.cz\/author\/devene\/","identifier":1,"image":{"@type":"ImageObject","@id":"https:\/\/secure.gravatar.com\/avatar\/232437c79d6ebbb41eb67b1526ce0bc08ee5047d6b1594dc05abcc3258d8e0b3?s=96&d=mm&r=g","url":"https:\/\/secure.gravatar.com\/avatar\/232437c79d6ebbb41eb67b1526ce0bc08ee5047d6b1594dc05abcc3258d8e0b3?s=96&d=mm&r=g","height":96,"width":96}},"publisher":{"@type":"Organization","name":"pazity.cz","logo":{"@type":"ImageObject","@id":"\/logo.png","url":"\/logo.png","width":600,"height":60}},"url":"https:\/\/www.pazity.cz\/opatrete-si-je-do-svych-domovu\/","wordCount":173,"articleBody":"Chceme v\u0161echny na\u0161e klienty informovat o na\u0161ich interi\u00e9rov\u00fdch dve\u0159\u00ed Plze\u0148. M\u00e1me je pro v\u00e1s p\u0159ipraveny v n\u011bkolika typech. N\u011bkter\u00e9 jsou ze s\u00e9riov\u00e9 v\u00fdroby, jin\u00e9 byly zhotoveny na zak\u00e1zku. P\u0159ij\u010fte si je prohl\u00e9dnout a vybrat si z nich ty, kter\u00e9 se do va\u0161eho bytu nejl\u00e9pe hod\u00ed. K dost\u00e1n\u00ed jsou masivn\u00ed vrstven\u00e9, d\u00fdhov\u00e9 nebo lakovan\u00e9. A\u0165 u\u017e si z nich zvol\u00edte kter\u00e9koliv, budete spokojeni.\tSpln\u00edme va\u0161e konkr\u00e9tn\u00ed p\u0159\u00e1n\u00edNa\u0161im klient\u016fm m\u016f\u017eeme nab\u00eddnout vybrat si z na\u0161ich interi\u00e9rov\u00fdch dve\u0159\u00ed Plze\u0148 pr\u00e1v\u011b ty, o kter\u00fdch se domn\u00edvaj\u00ed, \u017ee se jim budou nejl\u00e9pe hodit do jejich dom\u00e1cnost\u00ed. N\u011bkter\u00e9 jsou vhodn\u00e9 do ob\u00fdvac\u00edch pokoj\u016f, jin\u00e9 zase t\u0159eba do kuchyn\u00ed. Kone\u010dn\u00e9 rozhodnut\u00ed mus\u00ed u\u010dinit ka\u017ed\u00fd z\u00e1kazn\u00edk s\u00e1m. M\u016f\u017eeme mu jenom pomoci. M\u011bly by ladit s dal\u0161\u00edm jejich vybaven\u00edm.                                                                                                                                                                                                                                                                                                                                                                                                "},{"@context":"https:\/\/schema.org\/","@type":"BreadcrumbList","itemListElement":[{"@type":"ListItem","position":1,"name":"Opat\u0159ete si je do sv\u00fdch domov\u016f","item":"https:\/\/www.pazity.cz\/opatrete-si-je-do-svych-domovu\/#breadcrumbitem"}]}]