[{"@context":"https:\/\/schema.org\/","@type":"Article","@id":"https:\/\/www.pazity.cz\/novy-zacatek-v-novem-byte\/#Article","mainEntityOfPage":"https:\/\/www.pazity.cz\/novy-zacatek-v-novem-byte\/","headline":"Nov\u00fd za\u010d\u00e1tek v nov\u00e9m byt\u011b","name":"Nov\u00fd za\u010d\u00e1tek v nov\u00e9m byt\u011b","description":"Kdy\u017e se \u0159ekne st\u011bhov\u00e1n\u00ed, mnoh\u00fdm z n\u00e1s se zje\u017e\u00ed vlasy na hlav\u011b. P\u0159edstava, \u017ee bychom m\u011bli vyklidit v\u0161e, co m\u00e1me v na\u0161em byt\u011b i ve sklep\u011b, zabalit to do krabic a pytl\u016f, nalo\u017eit do auta, p\u0159ev\u00e9st n\u011bkam jinam a tam op\u011bt v\u0161e vybalit, ta je tak d\u011bsiv\u00e1, \u017ee \u010dasto odm\u00edtneme i lep\u0161\u00ed nab\u00eddku pr\u00e1ce, jen...<p class=\"more-link-wrap\"><a href=\"https:\/\/www.pazity.cz\/novy-zacatek-v-novem-byte\/\" class=\"more-link\">P\u0159e\u010d\u00edst<span class=\"screen-reader-text\"> &ldquo;Nov\u00fd za\u010d\u00e1tek v nov\u00e9m byt\u011b&rdquo;<\/span> &raquo;<\/a><\/p>","datePublished":"2025-03-29","dateModified":"2025-03-29","author":{"@type":"Person","@id":"https:\/\/www.pazity.cz\/author\/devene\/#Person","name":"devene","url":"https:\/\/www.pazity.cz\/author\/devene\/","identifier":1,"image":{"@type":"ImageObject","@id":"https:\/\/secure.gravatar.com\/avatar\/232437c79d6ebbb41eb67b1526ce0bc08ee5047d6b1594dc05abcc3258d8e0b3?s=96&d=mm&r=g","url":"https:\/\/secure.gravatar.com\/avatar\/232437c79d6ebbb41eb67b1526ce0bc08ee5047d6b1594dc05abcc3258d8e0b3?s=96&d=mm&r=g","height":96,"width":96}},"publisher":{"@type":"Organization","name":"pazity.cz","logo":{"@type":"ImageObject","@id":"\/logo.png","url":"\/logo.png","width":600,"height":60}},"image":{"@type":"ImageObject","@id":"https:\/\/www.pazity.cz\/wp-content\/uploads\/prague-3010407_640_6.jpg","url":"https:\/\/www.pazity.cz\/wp-content\/uploads\/prague-3010407_640_6.jpg","height":0,"width":0},"url":"https:\/\/www.pazity.cz\/novy-zacatek-v-novem-byte\/","about":["N\u00e1kupy"],"wordCount":447,"articleBody":"   Kdy\u017e se \u0159ekne st\u011bhov\u00e1n\u00ed, mnoh\u00fdm z n\u00e1s se zje\u017e\u00ed vlasy na hlav\u011b. P\u0159edstava, \u017ee bychom m\u011bli vyklidit v\u0161e, co m\u00e1me v na\u0161em byt\u011b i ve sklep\u011b, zabalit to do krabic a pytl\u016f, nalo\u017eit do auta, p\u0159ev\u00e9st n\u011bkam jinam a tam op\u011bt v\u0161e vybalit, ta je tak d\u011bsiv\u00e1, \u017ee \u010dasto odm\u00edtneme i lep\u0161\u00ed nab\u00eddku pr\u00e1ce, jen abychom se nemuseli p\u0159est\u011bhovat. Jen\u017ee co kdy\u017e n\u00e1s okolnosti donut\u00ed a my se skute\u010dn\u011b budeme muset p\u0159est\u011bhovat? V\u00edte, jak si u\u0161et\u0159it pr\u00e1ci a p\u0159est\u011bhovat se jednodu\u0161e a snadno? Ano chce to najmout si st\u011bhovac\u00ed firmu, kter\u00e1 provede cel\u00e9 st\u011bhov\u00e1n\u00ed za v\u00e1s. Kdy\u017e jsem byla v Ben\u00e1tk\u00e1ch, zarazilo m\u011b, jak jsou tam \u00fazk\u00e9 ulice a napadla m\u011b ot\u00e1zka, jak tam prob\u00edh\u00e1 st\u011bhov\u00e1n\u00ed?Nelze pou\u017e\u00edt dod\u00e1vky, v\u0161e se p\u0159ev\u00e1\u017e\u00ed bu\u010f lo\u010fkami nebo na ru\u010dn\u011b tla\u010den\u00e9m voz\u00edku. Ale ani v Praze to v n\u011bkter\u00fdch uli\u010dk\u00e1ch v historick\u00e9 \u010d\u00e1sti m\u011bsta nen\u00ed o moc jednodu\u0161\u0161\u00ed. St\u011bhov\u00e1n\u00ed Praha v t\u011bchto \u010d\u00e1stech Prahy m\u016f\u017ee b\u00fdt taky docela o\u0159\u00ed\u0161ek a proto je v\u00fdhodn\u00e9 se o probl\u00e9my se st\u011bhov\u00e1n\u00edm pod\u011blit s profesion\u00e1ly kte\u0159\u00ed maj\u00ed situaci zm\u00e1knutou a i v \u00fazk\u00fdch uli\u010dk\u00e1ch si porad\u00ed.Mo\u017en\u00e1 se t\u011b\u0161\u00edte, \u017ee se st\u011bhujete do nov\u00e9ho, ale pokud na n\u011bjak\u00e9m m\u00edst\u011b bydl\u00edte del\u0161\u00ed dobu, m\u016f\u017ee to b\u00fdt citov\u011b n\u00e1ro\u010dn\u00e9 z takov\u00e9ho m\u00edsta odej\u00edt. Odst\u011bhovat se od rodi\u010d\u016f, osamostatnit se, je ale d\u016fle\u017eit\u00fdm krokem ve va\u0161em \u017eivot\u011b a jednoho dne to \u010dek\u00e1 ka\u017ed\u00e9ho z n\u00e1s. Odst\u011bhov\u00e1n\u00ed neznamen\u00e1, \u017ee p\u0159etrhnete sv\u00e9 rodinn\u00e9 vztahy, ale je to mo\u017en\u00e1 prvn\u00ed krok zalo\u017een\u00ed va\u0161\u00ed vlastn\u00ed rodiny. St\u011bhov\u00e1n\u00ed je v\u017edy velk\u00e1 zm\u011bna, kter\u00e1 v\u00e1s m\u016f\u017ee st\u00e1t mnoho psychick\u00fdch sil. Ale s t\u011bmi fyzick\u00fdmi v\u00e1m m\u016f\u017ee pomoct st\u011bhovac\u00ed firma, kter\u00e1 d\u00edky sv\u00fdm zku\u0161enostem ud\u011bl\u00e1 ze st\u011bhov\u00e1n\u00ed jednoduchou z\u00e1le\u017eitost. Zabal\u00ed, odveze a p\u0159inese v\u00e1m do va\u0161eho nov\u00e9ho bydli\u0161t\u011b v\u0161e, co budete pot\u0159ebovat. Od tal\u00ed\u0159\u016f a\u017e po klav\u00edrn\u00ed k\u0159\u00eddlo, v\u0161e bude pe\u010dliv\u011b zabaleno a bezpe\u010dn\u011b p\u0159evezeno.Boj\u00edte se st\u011bhov\u00e1n\u00ed? Se st\u011bhovac\u00ed firmou nen\u00ed d\u016fvodu!                                                                                                                                                                                                                                                                                                                                                                                                  "},{"@context":"https:\/\/schema.org\/","@type":"BreadcrumbList","itemListElement":[{"@type":"ListItem","position":1,"name":"Nov\u00fd za\u010d\u00e1tek v nov\u00e9m byt\u011b","item":"https:\/\/www.pazity.cz\/novy-zacatek-v-novem-byte\/#breadcrumbitem"}]}]