[{"@context":"https:\/\/schema.org\/","@type":"Article","@id":"https:\/\/www.pazity.cz\/duvody-vstavat\/#Article","mainEntityOfPage":"https:\/\/www.pazity.cz\/duvody-vstavat\/","headline":"D\u016fvody vst\u00e1vat","name":"D\u016fvody vst\u00e1vat","description":"Pro ka\u017ed\u00e9ho je kr\u00e1sn\u00e9ho n\u011bco jin\u00e9ho. V\u017edy je mo\u017en\u00e9 si naj\u00edt n\u011bco kr\u00e1sn\u00e9ho co n\u00e1m ud\u011bl\u00e1 radost. Sice je to obzvl\u00e1\u0161t\u011b dnes velmi t\u011b\u017ek\u00e9, ale je d\u016fle\u017eit\u00e9 neztr\u00e1cet hlavu. M\u016f\u017eeme v\u011bci vid\u011bt takov\u00e9, jak\u00e9 jsou, a p\u0159esto se radovat z mali\u010dkost\u00ed. Kr\u00e1sa m\u016f\u017ee b\u00fdt v naprosto v\u0161edn\u00edch v\u011bcech. R\u00e1no se vzbud\u00edme a uvid\u00edme modr\u00e9 nebe,...<p class=\"more-link-wrap\"><a href=\"https:\/\/www.pazity.cz\/duvody-vstavat\/\" class=\"more-link\">P\u0159e\u010d\u00edst<span class=\"screen-reader-text\"> &ldquo;D\u016fvody vst\u00e1vat&rdquo;<\/span> &raquo;<\/a><\/p>","datePublished":"2022-03-22","dateModified":"2023-04-29","author":{"@type":"Person","@id":"https:\/\/www.pazity.cz\/author\/devene\/#Person","name":"devene","url":"https:\/\/www.pazity.cz\/author\/devene\/","identifier":1,"image":{"@type":"ImageObject","@id":"https:\/\/secure.gravatar.com\/avatar\/232437c79d6ebbb41eb67b1526ce0bc08ee5047d6b1594dc05abcc3258d8e0b3?s=96&d=mm&r=g","url":"https:\/\/secure.gravatar.com\/avatar\/232437c79d6ebbb41eb67b1526ce0bc08ee5047d6b1594dc05abcc3258d8e0b3?s=96&d=mm&r=g","height":96,"width":96}},"publisher":{"@type":"Organization","name":"pazity.cz","logo":{"@type":"ImageObject","@id":"\/logo.png","url":"\/logo.png","width":600,"height":60}},"image":{"@type":"ImageObject","@id":"https:\/\/www.pazity.cz\/wp-content\/uploads\/mu%C5%BE%20u%20vody.JPG","url":"https:\/\/www.pazity.cz\/wp-content\/uploads\/mu%C5%BE%20u%20vody.JPG","height":0,"width":0},"url":"https:\/\/www.pazity.cz\/duvody-vstavat\/","about":["Kr\u00e1sa"],"wordCount":471,"articleBody":"Pro ka\u017ed\u00e9ho je kr\u00e1sn\u00e9ho n\u011bco jin\u00e9ho. V\u017edy je mo\u017en\u00e9 si naj\u00edt n\u011bco kr\u00e1sn\u00e9ho co n\u00e1m ud\u011bl\u00e1 radost. Sice je to obzvl\u00e1\u0161t\u011b dnes velmi t\u011b\u017ek\u00e9, ale je d\u016fle\u017eit\u00e9 neztr\u00e1cet hlavu. M\u016f\u017eeme v\u011bci vid\u011bt takov\u00e9, jak\u00e9 jsou, a p\u0159esto se radovat z mali\u010dkost\u00ed. Kr\u00e1sa m\u016f\u017ee b\u00fdt v naprosto v\u0161edn\u00edch v\u011bcech. R\u00e1no se vzbud\u00edme a uvid\u00edme modr\u00e9 nebe, je kr\u00e1sn\u00e9. Nebo kdy\u017e pr\u0161\u00ed, m\u016f\u017eeme sledovat kapky padaj\u00edc\u00ed na zem a na na\u0161i k\u016f\u017ei. M\u016f\u017eeme vid\u011bt tmav\u00e9 mraky, kter\u00e9 se ve v\u011btru hrnou d\u00e1l od n\u00e1s. \u00a0Pro m\u011b je t\u0159eba kr\u00e1sn\u00e9 mo\u0159e. Kdy\u017e jsem byla poprv\u00e9 u mo\u0159e, zad\u00edvala jsem se na obzor a rozbre\u010dela se. Ano je to trochu vtipn\u00e9, ale nestyd\u00edm se za to. Vid\u011bt na obzoru, jak se mo\u0159e l\u00e1me za horizont. Jak se vlny h\u00fdbou ve v\u011btru a hladina se k\u00fdve. Je kr\u00e1sn\u00e9 sledovat, jak se v\u0161echno h\u00fdbe, ale p\u0159esto z\u016fst\u00e1v\u00e1 stejn\u00e9. \u00a0Nen\u00ed to ov\u0161em jedin\u00e1 v\u011bc, kter\u00e1 stoj\u00ed za zm\u00ednku. Jedna z nejkr\u00e1sn\u011bj\u0161\u00edch v\u011bc\u00ed je pro m\u011b ka\u017ed\u00e9 letn\u00ed r\u00e1no. Nejprve je tma, jsou vid\u011bt jen blikaj\u00edc\u00ed hv\u011bzdy, m\u011bs\u00edc, kter\u00fd odr\u00e1\u017e\u00ed slune\u010dn\u00ed paprsky p\u0159esn\u011b tak, \u017ee je kr\u00e1sn\u011b vid\u011bt na v\u0161e kolem n\u00e1s. Postupn\u011b se za\u010dne osv\u011btlovat v\u0161e, co dosud bylo skryt\u00e9 ve tm\u011b. Obzor se za\u010dne pomalu \u010dervenat a ze zem\u011b se za\u010dne zvedat mlha. Ve vzduchu je c\u00edtit je\u0161t\u011b no\u010dn\u00ed chlad, ale u\u017e je zn\u00e1t sv\u00edt\u00e1n\u00ed a pomalu h\u0159ejiv\u00e9 r\u00e1no. Pot\u00e9 u\u017e p\u0159ijdou prvn\u00ed paprsky rann\u00edho letn\u00edho slunce. Sice p\u00e1l\u00ed do o\u010d\u00ed, ale tak n\u011bjak p\u0159\u00edjemn\u011b. Potom u\u017e je slunce cel\u00e9 vid\u011bt, pt\u00e1ci u\u017e zp\u00edvaj\u00ed a d\u00e1vaj\u00ed tak najevo, \u017ee u\u017e je \u010das vst\u00e1vat a \u017e\u00edt.\u00a0No nen\u00ed to n\u00e1dhera? P\u0159esn\u011b takhle se ka\u017ed\u00e9 letn\u00ed r\u00e1no probouz\u00edm. Do dne, kter\u00fd stoj\u00ed za to abych ho vid\u011bla. A co je pro V\u00e1s kr\u00e1sn\u00e9? Co V\u00e1m v, i takto t\u011b\u017ek\u00fdch \u010dasech jak\u00e9 dnes m\u00e1me, dod\u00e1v\u00e1 s\u00edlu a donut\u00ed V\u00e1s vst\u00e1t z postele? Jako d\u016fvod sta\u010d\u00ed t\u0159eba pr\u00e1ce nebo \u0161kola, ale nebylo by kr\u00e1sn\u00e9 m\u00edt i jin\u00fd d\u016fvod pro to, abychom vstali a \u0161li \u017e\u00edt? Abychom se na ulic\u00edch sm\u00e1li na kolemjdouc\u00ed a t\u011b\u0161ili se na ka\u017ed\u00fd nov\u00fd den? \u00a0                                                                                                                                                                                                                                                                                                                                                                                                "},{"@context":"https:\/\/schema.org\/","@type":"BreadcrumbList","itemListElement":[{"@type":"ListItem","position":1,"name":"D\u016fvody vst\u00e1vat","item":"https:\/\/www.pazity.cz\/duvody-vstavat\/#breadcrumbitem"}]}]