[{"@context":"https:\/\/schema.org\/","@type":"Article","@id":"https:\/\/www.pazity.cz\/deficit-jodu-muze-mit-za-nasledek-zavazny-spolecensky-problem\/#Article","mainEntityOfPage":"https:\/\/www.pazity.cz\/deficit-jodu-muze-mit-za-nasledek-zavazny-spolecensky-problem\/","headline":"Deficit j\u00f3du m\u016f\u017ee m\u00edt za n\u00e1sledek z\u00e1va\u017en\u00fd spole\u010densk\u00fd probl\u00e9m","name":"Deficit j\u00f3du m\u016f\u017ee m\u00edt za n\u00e1sledek z\u00e1va\u017en\u00fd spole\u010densk\u00fd probl\u00e9m","description":"Nic se nem\u00e1 p\u0159eh\u00e1n\u011bt, to plat\u00ed zvl\u00e1\u0161t\u011b u konzumace potravinov\u00fdch vitam\u00ednov\u00fdch dopl\u0148k\u016f. Opatrn\u00ed bychom m\u011bli b\u00fdt p\u0159edev\u0161\u00edm v souvislosti se suplementac\u00ed vitam\u00ednu D a j\u00f3du. Tato fakta si v\u0161ak v\u011bt\u0161inou ti, kte\u0159\u00ed potravinov\u00e9 dopl\u0148ky konzumuj\u00ed, dob\u0159e uv\u011bdomuj\u00ed. Hor\u0161\u00ed situace nast\u00e1v\u00e1 v okam\u017eiku jejich deficitu. V souvislosti s vitam\u00ednem D bylo prok\u00e1z\u00e1no, \u017ee v na\u0161\u00ed zem\u011bpisn\u00e9...<p class=\"more-link-wrap\"><a href=\"https:\/\/www.pazity.cz\/deficit-jodu-muze-mit-za-nasledek-zavazny-spolecensky-problem\/\" class=\"more-link\">P\u0159e\u010d\u00edst<span class=\"screen-reader-text\"> &ldquo;Deficit j\u00f3du m\u016f\u017ee m\u00edt za n\u00e1sledek z\u00e1va\u017en\u00fd spole\u010densk\u00fd probl\u00e9m&rdquo;<\/span> &raquo;<\/a><\/p>","datePublished":"2019-02-26","dateModified":"2023-04-29","author":{"@type":"Person","@id":"https:\/\/www.pazity.cz\/author\/devene\/#Person","name":"devene","url":"https:\/\/www.pazity.cz\/author\/devene\/","identifier":1,"image":{"@type":"ImageObject","@id":"https:\/\/secure.gravatar.com\/avatar\/232437c79d6ebbb41eb67b1526ce0bc08ee5047d6b1594dc05abcc3258d8e0b3?s=96&d=mm&r=g","url":"https:\/\/secure.gravatar.com\/avatar\/232437c79d6ebbb41eb67b1526ce0bc08ee5047d6b1594dc05abcc3258d8e0b3?s=96&d=mm&r=g","height":96,"width":96}},"publisher":{"@type":"Organization","name":"pazity.cz","logo":{"@type":"ImageObject","@id":"\/logo.png","url":"\/logo.png","width":600,"height":60}},"image":{"@type":"ImageObject","@id":"https:\/\/www.pazity.cz\/wp-content\/uploads\/img_a338140_w2155_t1550929725.jpg","url":"https:\/\/www.pazity.cz\/wp-content\/uploads\/img_a338140_w2155_t1550929725.jpg","height":0,"width":0},"url":"https:\/\/www.pazity.cz\/deficit-jodu-muze-mit-za-nasledek-zavazny-spolecensky-problem\/","wordCount":443,"articleBody":"  Nic se nem\u00e1 p\u0159eh\u00e1n\u011bt, to plat\u00ed zvl\u00e1\u0161t\u011b u konzumace potravinov\u00fdch vitam\u00ednov\u00fdch dopl\u0148k\u016f. Opatrn\u00ed bychom m\u011bli b\u00fdt p\u0159edev\u0161\u00edm v souvislosti se suplementac\u00ed vitam\u00ednu D a j\u00f3du. Tato fakta si v\u0161ak v\u011bt\u0161inou ti, kte\u0159\u00ed potravinov\u00e9 dopl\u0148ky konzumuj\u00ed, dob\u0159e uv\u011bdomuj\u00ed. Hor\u0161\u00ed situace nast\u00e1v\u00e1 v okam\u017eiku jejich deficitu. V souvislosti s vitam\u00ednem D bylo prok\u00e1z\u00e1no, \u017ee v na\u0161\u00ed zem\u011bpisn\u00e9 \u0161\u00ed\u0159ce je v zimn\u00edm obdob\u00ed velmi m\u00e1lo slune\u010dn\u00edho svitu, a \u017ee v mnoha p\u0159\u00edpadech, kdy si v l\u00e9t\u011b t\u011blo ukl\u00e1d\u00e1 tuto l\u00e1tku do z\u00e1soby, nen\u00ed v zim\u011b z\u00e1soba pro n\u00e1\u0161 organismus dostate\u010dn\u00e1. To plat\u00ed p\u0159edev\u0161\u00edm pro pracuj\u00edc\u00ed, kte\u0159\u00ed tr\u00e1v\u00ed v\u011bt\u0161inu \u010dasu v uzav\u0159en\u00fdch m\u00edstnostech \u2013 v kancel\u00e1\u0159\u00edch a d\u00edlensk\u00fdch provozech. D\u0159\u00edve se zkr\u00e1tka lid\u00e9 pohybovali \u010dast\u011bji venku, v p\u0159\u00edrod\u011b, a poko\u017eku vystavovali slunci mnohem d\u00e9le. Problematick\u00fdm se tak\u00e9 jev\u00ed deficit j\u00f3du ve st\u0159edoevropsk\u00e9 populaci. Na\u0161e zem\u011b nem\u00e1 jeho vlastn\u00ed surovinov\u00e9 zdroje (a\u017e na p\u00e1r v\u00fdjimek, jako je nap\u0159. luha\u010dovick\u00e1 Vincentka), a tak mus\u00edme j\u00f3d dopl\u0148ovat v potrav\u011b um\u011ble. Konzumujeme nav\u00edc velmi m\u00e1lo mo\u0159sk\u00fdch ryb a obvykle je jedinou cestou p\u0159\u00edjmu tohoto prvku jodizovan\u00e1 s\u016fl. Nedostatek j\u00f3du sni\u017euje IQ Nejv\u011bt\u0161\u00edm nedostatkem trp\u00ed v \u010cesku zejm\u00e9na \u017eeny v pr\u016fb\u011bhu t\u011bhotenstv\u00ed. Tehdy se p\u0159i formov\u00e1n\u00ed plodu vyu\u017e\u00edv\u00e1 mnoha \u017eivin a pochopiteln\u011b i j\u00f3d, toho je v\u0161ak t\u0159eba p\u0159ijmout v tomto obdob\u00ed v\u00edce, ne\u017e b\u00fdv\u00e1 obvykl\u00e9. V\u011bdci zjistili, \u017ee i relativn\u011b mal\u00fd deficit ohroz\u00ed v\u00fdvoj d\u00edt\u011bte ve form\u011b sn\u00ed\u017een\u00e9ho inteligen\u010dn\u00edho kvocientu a neurologick\u00fdch poruch . Probl\u00e9my se mohou tak\u00e9 projevit p\u0159ed\u010dasn\u00fdm porodem nebo potratem a u d\u00edt\u011bte pozd\u011bji vedou k hyperaktivit\u011b, psychomotorick\u00fdm pot\u00ed\u017e\u00edm a tuhnut\u00ed sval\u016f. Sn\u00ed\u017een\u00ed IQ lze vypozorovat i v sou\u010dasn\u00e9 populaci, co\u017e m\u016f\u017ee m\u00edt zna\u010dn\u00fd spole\u010densk\u00fd dopad na celou zemi, lid\u00e9 pak maj\u00ed pot\u00ed\u017ee s pam\u011bt\u00ed, nejsou schopni ch\u00e1pat z\u00e1kladn\u00ed souvislosti a d\u011bje a nenach\u00e1z\u00ed uplatn\u011bn\u00ed v zam\u011bstn\u00e1n\u00ed. Prozat\u00edm se tomuto fenom\u00e9nu v\u011bnuje p\u0159\u00edli\u0161 m\u00e1lo pozornosti, evrop\u0161t\u00ed z\u00e1konod\u00e1rci jej nepova\u017euj\u00ed za prioritn\u00ed, a\u010dkoli na tento fakt upozornila konference v\u011bdc\u016f v polsk\u00e9m Krakov\u011b na po\u010d\u00e1tku roku 2018.                                                                                                                                                                                                                                                                                                                                                                                                  "},{"@context":"https:\/\/schema.org\/","@type":"BreadcrumbList","itemListElement":[{"@type":"ListItem","position":1,"name":"Deficit j\u00f3du m\u016f\u017ee m\u00edt za n\u00e1sledek z\u00e1va\u017en\u00fd spole\u010densk\u00fd probl\u00e9m","item":"https:\/\/www.pazity.cz\/deficit-jodu-muze-mit-za-nasledek-zavazny-spolecensky-problem\/#breadcrumbitem"}]}]